{"id":555,"__str__":"Indica\u00e7\u00e3o n\u00ba 16 de 2020","link_detail_backend":"/materia/555","metadata":{},"numero":16,"ano":2020,"numero_protocolo":111,"data_apresentacao":"2020-03-16","tipo_apresentacao":"E","data_publicacao":null,"numero_origem_externa":"","ano_origem_externa":null,"data_origem_externa":null,"apelido":"","dias_prazo":null,"data_fim_prazo":null,"em_tramitacao":false,"polemica":null,"objeto":"","complementar":null,"ementa":"Para que seja feita aquisi\u00e7\u00e3o de uma UTI m\u00f3vel, considerando sua necessidade e considerando que atrav\u00e9s do nosso compromisso e solicita\u00e7\u00e3o conseguimos R$ 300.000,00 com Senador Jayme Campos e R$ 150.000,00 com Deputado Federal Jos\u00e9 Medeiros para custeio da sa\u00fade e esse recurso dar\u00e1 folga nas despesas oportunizando folga financeira no caixa do executivo.","indexacao":"","observacao":"","resultado":"","texto_original":"http://sapl.canarana.mt.leg.br/media/sapl/public/materialegislativa/2020/555/indicacao16_16032020.pdf","data_ultima_atualizacao":"2020-03-16T15:35:50.520036-03:00","ip":"","ultima_edicao":null,"tipo":8,"regime_tramitacao":1,"tipo_origem_externa":null,"local_origem_externa":null,"user":null,"anexadas":[],"autores":[10]}