{"id":367,"__str__":"Indica\u00e7\u00e3o n\u00ba 36 de 2019","link_detail_backend":"/materia/367","metadata":{},"numero":36,"ano":2019,"numero_protocolo":null,"data_apresentacao":"2019-03-18","tipo_apresentacao":"E","data_publicacao":null,"numero_origem_externa":"","ano_origem_externa":null,"data_origem_externa":null,"apelido":"","dias_prazo":null,"data_fim_prazo":null,"em_tramitacao":false,"polemica":null,"objeto":"","complementar":null,"ementa":"Para que seja montada a cadeira de dentista na Cadeia P\u00fabica pois a mesma j\u00e1 se encontra a quase dois anos no local, s\u00f3 faltando a sua instala\u00e7\u00e3o.","indexacao":"atendimento odontol\u00f3gico","observacao":"","resultado":"","texto_original":"http://sapl.canarana.mt.leg.br/media/sapl/public/materialegislativa/2019/367/indicacao_36.pdf","data_ultima_atualizacao":"2019-11-11T18:47:23.927576-03:00","ip":"45.235.154.174","ultima_edicao":null,"tipo":8,"regime_tramitacao":1,"tipo_origem_externa":null,"local_origem_externa":null,"user":27,"anexadas":[],"autores":[11]}