{"id":2894,"__str__":"Indica\u00e7\u00e3o n\u00ba 136 de 2023","link_detail_backend":"/materia/2894","metadata":{},"numero":136,"ano":2023,"numero_protocolo":734,"data_apresentacao":"2023-07-17","tipo_apresentacao":"E","data_publicacao":null,"numero_origem_externa":"","ano_origem_externa":null,"data_origem_externa":null,"apelido":"","dias_prazo":null,"data_fim_prazo":null,"em_tramitacao":true,"polemica":false,"objeto":"","complementar":false,"ementa":"\u201cPara que seja alterada a Lei Complementar n\u00ba 123/2014, estendendo o direito da promo\u00e7\u00e3o horizontal aos agentes comunit\u00e1rios de sa\u00fade e agentes de combate a endemias, para que esses Profissionais do Sistema \u00danico de Sa\u00fade de nosso munic\u00edpio possam ter os mesmos direitos dos demais profissionais, que \u00e9 o de evoluir na carreira mediante comprova\u00e7\u00e3o da habilita\u00e7\u00e3o e/ou certifica\u00e7\u00e3o de aperfei\u00e7oamento, e/ou qualifica\u00e7\u00e3o, e/ou capacita\u00e7\u00e3o profissional.\u201d","indexacao":"","observacao":"","resultado":"","texto_original":"http://sapl.canarana.mt.leg.br/media/sapl/public/materialegislativa/2023/2894/indicacao_136-2023.pdf","data_ultima_atualizacao":"2023-07-18T14:03:00.740860-03:00","ip":"45.235.155.29","ultima_edicao":"2023-07-18T14:03:00.598954-03:00","tipo":8,"regime_tramitacao":1,"tipo_origem_externa":null,"local_origem_externa":null,"user":26,"anexadas":[],"autores":[37]}