{"id":2733,"__str__":"Requerimento Pedido de Urg\u00eancia n\u00ba 17 de 2023","link_detail_backend":"/materia/2733","metadata":{},"numero":17,"ano":2023,"numero_protocolo":432,"data_apresentacao":"2023-04-28","tipo_apresentacao":"","data_publicacao":null,"numero_origem_externa":"","ano_origem_externa":null,"data_origem_externa":null,"apelido":"","dias_prazo":null,"data_fim_prazo":null,"em_tramitacao":true,"polemica":false,"objeto":"","complementar":false,"ementa":"Eu, F\u00e1bio Marcos Pereira de Faria, Prefeito do Munic\u00edpio de Canarana \u2013 MT, inscrito no CNPJ sob o n\u00ba 15.023.922/0001-91, venho por meio deste solicitar tramita\u00e7\u00e3o em regime de urg\u00eancia do seguinte \r\n\r\n\r\n\r\n- Projeto de Lei: \u201cDisp\u00f5e sobre autoriza\u00e7\u00e3o para o Poder Executivo Municipal realizar o parcelamento de d\u00e9bitos da parte patronal da PREVICAN, e d\u00e1 outras provid\u00eancias. \u201d","indexacao":"","observacao":"","resultado":"","texto_original":"http://sapl.canarana.mt.leg.br/media/sapl/public/materialegislativa/2023/2733/requerimento_de_votacao_17-2023__-_prevican.pdf","data_ultima_atualizacao":"2023-04-28T16:53:20.598410-03:00","ip":"","ultima_edicao":null,"tipo":27,"regime_tramitacao":2,"tipo_origem_externa":null,"local_origem_externa":null,"user":null,"anexadas":[],"autores":[20]}