{"id":2505,"__str__":"Mo\u00e7\u00e3o n\u00ba 146 de 2022","link_detail_backend":"/materia/2505","metadata":{},"numero":146,"ano":2022,"numero_protocolo":1185,"data_apresentacao":"2022-12-16","tipo_apresentacao":"E","data_publicacao":null,"numero_origem_externa":"","ano_origem_externa":null,"data_origem_externa":null,"apelido":"","dias_prazo":null,"data_fim_prazo":null,"em_tramitacao":false,"polemica":false,"objeto":"","complementar":false,"ementa":"MO\u00c7\u00c3O DE APLAUSO \r\nAO CORAL DA IGREJA ADVENTISTA DO S\u00c9TIMO DIA: \r\nAlexandro Junior do Vale Gomes; Ana Julia Gomes Sousa; Arthur Almeida Dendena; Carolina da Silva Moura; Dulcineide Mattos da Silva; Elis Vit\u00f3ria de Souza Cust\u00f3dio; Elizangela Alves Sousa C. Silva; Gabriela Brito da Silva; Ivone An\u00e7ay da Rosa; Irene Padilha; Ivaldete Pereira de Amorim Soares; Jaimes da Silva Nunes; Jose Alex Mensdes de Brito; Joselito Gomes de Jesus; Juliana Mandes Souza; Kariny Almeida Kutzner; Mauro Ribeiro Soares; Pedro Henrique Batista Neves; Raimunda Mendes Garcia; Raison Lima Martins; Renilda Mendes; Rodrigo Emanuel de Almeida Kutzner; Solange Alves de Almeida; Thais Pina Rodrigues Mendes; Vania Leal Aparecida Farias.","indexacao":"","observacao":"","resultado":"","texto_original":null,"data_ultima_atualizacao":"2022-12-16T17:28:58.734426-03:00","ip":"45.235.155.29","ultima_edicao":"2022-12-16T17:28:58.734107-03:00","tipo":7,"regime_tramitacao":1,"tipo_origem_externa":null,"local_origem_externa":null,"user":25,"anexadas":[],"autores":[41]}