{"id":2279,"__str__":"Indica\u00e7\u00e3o n\u00ba 161 de 2022","link_detail_backend":"/materia/2279","metadata":{},"numero":161,"ano":2022,"numero_protocolo":751,"data_apresentacao":"2022-08-12","tipo_apresentacao":"E","data_publicacao":null,"numero_origem_externa":"","ano_origem_externa":null,"data_origem_externa":null,"apelido":"","dias_prazo":null,"data_fim_prazo":null,"em_tramitacao":true,"polemica":false,"objeto":"","complementar":false,"ementa":"\u201cDisp\u00f5e sobre a necessidade de que seja revisto os hor\u00e1rios de funcionamento das creches do munic\u00edpio\u201d.","indexacao":"","observacao":"","resultado":"","texto_original":"http://sapl.canarana.mt.leg.br/media/sapl/public/materialegislativa/2022/2279/indicacao_no_161-2022.pdf","data_ultima_atualizacao":"2022-08-12T14:43:23.386004-03:00","ip":"45.235.155.29","ultima_edicao":"2022-08-12T14:43:23.282872-03:00","tipo":8,"regime_tramitacao":1,"tipo_origem_externa":null,"local_origem_externa":null,"user":26,"anexadas":[],"autores":[40]}