{"id":2237,"__str__":"Indica\u00e7\u00e3o n\u00ba 136 de 2022","link_detail_backend":"/materia/2237","metadata":{},"numero":136,"ano":2022,"numero_protocolo":null,"data_apresentacao":"2022-07-29","tipo_apresentacao":"E","data_publicacao":null,"numero_origem_externa":"","ano_origem_externa":null,"data_origem_externa":null,"apelido":"","dias_prazo":null,"data_fim_prazo":null,"em_tramitacao":true,"polemica":false,"objeto":"","complementar":false,"ementa":"Tendo em vista a indica\u00e7\u00e3o n\u00ba 30/2022 onde fora solicitado que o munic\u00edpio contrate um Terapeuta Ocupacional para atender as crian\u00e7as que necessitam deste atendimento e a resposta da Secretaria Municipal de Sa\u00fade, atrav\u00e9s do of\u00edcio 42/2022, onde informa que para tal indica\u00e7\u00e3o ser realizada \u00e9 necess\u00e1rio que seja feito altera\u00e7\u00e3o na Lei Complementar 123/2014 e criado o referido cargo dentro do plano de Cargos e Carreiras dos profissionais de n\u00edvel superior do SUS, portanto indico para que seja feita tal altera\u00e7\u00e3o a fim de contemplar esta necessidade, principalmente para as crian\u00e7as com autismo que tanto necessitam de atendimento especializado.","indexacao":"","observacao":"","resultado":"","texto_original":"http://sapl.canarana.mt.leg.br/media/sapl/public/materialegislativa/2022/2237/indicacao_136-2022.pdf","data_ultima_atualizacao":"2022-08-02T15:38:05.887544-03:00","ip":"45.235.155.29","ultima_edicao":"2022-08-02T15:38:05.732444-03:00","tipo":8,"regime_tramitacao":1,"tipo_origem_externa":null,"local_origem_externa":null,"user":26,"anexadas":[],"autores":[37]}