{"id":2113,"__str__":"Projeto de Resolu\u00e7\u00e3o n\u00ba 9 de 2022","link_detail_backend":"/materia/2113","metadata":{},"numero":9,"ano":2022,"numero_protocolo":438,"data_apresentacao":"2022-05-16","tipo_apresentacao":"E","data_publicacao":null,"numero_origem_externa":"","ano_origem_externa":null,"data_origem_externa":null,"apelido":"","dias_prazo":null,"data_fim_prazo":null,"em_tramitacao":false,"polemica":false,"objeto":"","complementar":false,"ementa":"\"Disp\u00f5e sobre a cria\u00e7\u00e3o da Frente Parlamentar em defesa dos servi\u00e7os p\u00fablicos no \u00e2mbito do Munic\u00edpio\u201d.","indexacao":"","observacao":"","resultado":"","texto_original":"http://sapl.canarana.mt.leg.br/media/sapl/public/materialegislativa/2022/2113/pr_09.22_12052022.pdf","data_ultima_atualizacao":"2022-06-07T15:57:31.199046-03:00","ip":"45.235.155.29","ultima_edicao":"2022-05-12T14:49:54.957888-03:00","tipo":2,"regime_tramitacao":1,"tipo_origem_externa":null,"local_origem_externa":null,"user":25,"anexadas":[],"autores":[40]}