{"id":1506,"__str__":"Requerimento n\u00ba 12 de 2021","link_detail_backend":"/materia/1506","metadata":{},"numero":12,"ano":2021,"numero_protocolo":524,"data_apresentacao":"2021-06-07","tipo_apresentacao":"E","data_publicacao":null,"numero_origem_externa":"","ano_origem_externa":null,"data_origem_externa":null,"apelido":"","dias_prazo":null,"data_fim_prazo":null,"em_tramitacao":false,"polemica":false,"objeto":"","complementar":false,"ementa":"Eu, Vereador Sancler da Silva Santar\u00e9m, com amparo no Regimento Interno nos artigos 205 e 222, venho atrav\u00e9s deste requerer a realiza\u00e7\u00e3o de uma audi\u00eancia P\u00fablica como canal inicial de comunica\u00e7\u00e3o com a popula\u00e7\u00e3o e sociedade civil organizada a fim de discutir, buscando sugest\u00f5es e opini\u00f5es para contribuir com o processo de revis\u00e3o da Lei Org\u00e2nica Municipal, a ser realizada no dia 23 de junho de 2021 \u00e1s 15h, disponibilizando canais virtuais de participa\u00e7\u00e3o.","indexacao":"","observacao":"","resultado":"","texto_original":"http://sapl.canarana.mt.leg.br/media/sapl/public/materialegislativa/2021/1506/requerimento_no_12-2021.pdf","data_ultima_atualizacao":"2021-06-08T17:11:19.167384-03:00","ip":"45.235.154.174","ultima_edicao":"2021-06-08T17:11:19.009178-03:00","tipo":3,"regime_tramitacao":1,"tipo_origem_externa":null,"local_origem_externa":null,"user":26,"anexadas":[],"autores":[40]}