{"id":1504,"__str__":"Indica\u00e7\u00e3o n\u00ba 109 de 2021","link_detail_backend":"/materia/1504","metadata":{},"numero":109,"ano":2021,"numero_protocolo":521,"data_apresentacao":"2021-06-07","tipo_apresentacao":"E","data_publicacao":null,"numero_origem_externa":"","ano_origem_externa":null,"data_origem_externa":null,"apelido":"","dias_prazo":null,"data_fim_prazo":null,"em_tramitacao":false,"polemica":false,"objeto":"","complementar":false,"ementa":"Disp\u00f5e sobre o Poder Executivo disponibilizar local para que juntamente com os \u00f3rg\u00e3os de Defesa do Meio Ambiente do munic\u00edpio possam em conjunto, homenagear as pessoas v\u00edtimas fatais da covid19, plantando uma \u00e1rvore em representa\u00e7\u00e3o a cada uma das vidas que infelizmente tombaram devido ao v\u00edrus em nosso munic\u00edpio;","indexacao":"","observacao":"","resultado":"","texto_original":"http://sapl.canarana.mt.leg.br/media/sapl/public/materialegislativa/2021/1504/indicacao_109-2021_000296.pdf","data_ultima_atualizacao":"2021-06-07T16:37:27.046805-03:00","ip":"45.235.154.174","ultima_edicao":"2021-06-07T16:37:27.046413-03:00","tipo":8,"regime_tramitacao":1,"tipo_origem_externa":null,"local_origem_externa":null,"user":26,"anexadas":[],"autores":[40]}