{"id":666,"__str__":"Of\u00edcio - Of\u00edcio de 30/09/2022 por Fabio Marcos Pereira de Faria - Prefeito Municipal","link_detail_backend":"/materia/documentoacessorio/666","metadata":{},"nome":"Of\u00edcio","data":"2022-09-30","autor":"Fabio Marcos Pereira de Faria - Prefeito Municipal","ementa":"Excelent\u00edssimo Senhor,\r\n\r\n\r\nAo cumprimentar Vossa Excel\u00eancia, servimo-nos do presente para encaminhar os seguintes Projetos de Lei:\r\n\r\n\r\n- Projeto de Lei: \u201cDisp\u00f5e sobre autoriza\u00e7\u00e3o ao Poder Executivo Municipal para firmar Conv\u00eanio com a Associa\u00e7\u00e3o Comunit\u00e1ria Vida Nova de Canarana \u2013 R\u00e1dio FM\u201d.\r\n\r\n\r\n- Projeto de Lei: \u201cDisp\u00f5e sobre autoriza\u00e7\u00e3o ao Poder Executivo Municipal para firmar Conv\u00eanio com a Associa\u00e7\u00e3o de Desenvolvimento Comunit\u00e1rio do Culuene\u201d.\r\n\r\n- Projeto de Lei: \u201cDisp\u00f5e sobre a desafeta\u00e7\u00e3o e unifica\u00e7\u00e3o de bem im\u00f3vel p\u00fablico, e d\u00e1 outras provid\u00eancias\u201d.","indexacao":"","arquivo":"http://sapl.canarana.mt.leg.br/media/sapl/public/documentoacessorio/2022/666/oficio_265_encaminha_projeto_de_lei.pdf","data_ultima_atualizacao":"2022-09-30T18:22:03.654016-03:00","materia":2374,"tipo":7}