{"id":570,"__str__":"Of\u00edcio - Of\u00edcio de 03/06/2022 por Fabio Marcos Pereira de Faria - Prefeito Municipal","link_detail_backend":"/materia/documentoacessorio/570","metadata":{},"nome":"Of\u00edcio","data":"2022-06-03","autor":"Fabio Marcos Pereira de Faria - Prefeito Municipal","ementa":"Ao tempo em que cumprimentamos Vossa Excel\u00eancia, servimo-nos do presente para encaminhar os seguintes Projetos de Lei:\r\n\r\n\r\n- Projeto de Lei: \u201cDisp\u00f5e sobre a Gest\u00e3o Democr\u00e1tica nas unidades educacionais da Rede P\u00fablica Municipal de Ensino de Canarana \u2013 MT e d\u00e1 outras provid\u00eancias\u201d.","indexacao":"","arquivo":"http://sapl.canarana.mt.leg.br/media/sapl/public/documentoacessorio/2022/570/oficio_153.pdf","data_ultima_atualizacao":"2022-06-03T17:45:21.435012-03:00","materia":2148,"tipo":7}