{"id":547,"__str__":"Of\u00edcio - Of\u00edcio de 29/04/2022 por Fabio Marcos Pereira de Faria - Prefeito Municipal","link_detail_backend":"/materia/documentoacessorio/547","metadata":{},"nome":"Of\u00edcio","data":"2022-04-29","autor":"Fabio Marcos Pereira de Faria - Prefeito Municipal","ementa":"Ao tempo em que cumprimentamos Vossa Excel\u00eancia, servimo-nos do presente para encaminhar os seguintes Projetos de Lei:\r\n\r\n\r\n\r\n- Projeto de Lei: \u201cDisp\u00f5e sobre o Zoneamento, Ocupa\u00e7\u00e3o e Uso do Solo Urbano e d\u00e1 Provid\u00eancias\u201d;","indexacao":"","arquivo":"http://sapl.canarana.mt.leg.br/media/sapl/public/documentoacessorio/2022/547/oficio_125.pdf","data_ultima_atualizacao":"2022-04-29T17:37:38.142566-03:00","materia":2087,"tipo":7}