{"id":388,"__str__":"Of\u00edcio - Of\u00edcio de 13/08/2021 por Fabio Marcos Pereira de Faria - Prefeito Municipal","link_detail_backend":"/materia/documentoacessorio/388","metadata":{},"nome":"Of\u00edcio","data":"2021-08-13","autor":"Fabio Marcos Pereira de Faria - Prefeito Municipal","ementa":"\"DISPOE SOBRE  AUTORIZA\u00c7\u00c3O AO PODER P\u00daBLICO MUNICIPAL EM FIRMAR CONVENIO COM A APAE\"","indexacao":"","arquivo":"http://sapl.canarana.mt.leg.br/media/sapl/public/documentoacessorio/2021/388/oficio_248.pdf","data_ultima_atualizacao":"2021-08-13T18:35:12.329532-03:00","materia":1601,"tipo":7}