{"id":243,"__str__":"Parecer - Parecer da Comiss\u00e3o de 05/08/2020 por Comiss\u00e3o de Constitui\u00e7\u00e3o Justi\u00e7a e Reda\u00e7\u00e3o","link_detail_backend":"/materia/documentoacessorio/243","metadata":{},"nome":"Parecer da Comiss\u00e3o","data":"2020-08-05","autor":"Comiss\u00e3o de Constitui\u00e7\u00e3o Justi\u00e7a e Reda\u00e7\u00e3o","ementa":"","indexacao":"","arquivo":"http://sapl.canarana.mt.leg.br/media/sapl/public/documentoacessorio/2020/243/parecer_ccjr_pl_28-2020_001092.pdf","data_ultima_atualizacao":"2020-08-05T13:34:07.143667-03:00","materia":564,"tipo":1}