{"id":1251,"__str__":"Of\u00edcio - Of\u00edcio de 13/06/2024 por Fabio Marcos Pereira de Faria - Prefeito Municipal","link_detail_backend":"/materia/documentoacessorio/1251","metadata":{},"nome":"Of\u00edcio","data":"2024-06-13","autor":"Fabio Marcos Pereira de Faria - Prefeito Municipal","ementa":"Of\u00edcio n\u00ba 138/GAB/2024\r\n\r\n\r\nA \r\nRafael Govari\r\nM.D. Presidente da C\u00e2mara Municipal de Vereadores\r\nCanarana \u2013 MT \r\n\r\nExcelent\u00edssimo Senhor,\r\n\r\nAo cumprimentar Vossa Excel\u00eancia, servimo-nos do presente para encaminhar os seguintes Projetos de Lei em regime de Urg\u00eancia:\r\n\r\n\r\n- Projeto de Lei: \u201cDisp\u00f5e Sobre a Autoriza\u00e7\u00e3o para Abertura de Cr\u00e9dito Adicional Suplementar por Excesso de Arrecada\u00e7\u00e3o (Conv\u00eanio), com base nos Artigos 42 e 43 da Lei 4.320/64 e Art. 167, inciso V e VI, da Constitui\u00e7\u00e3o Federal e d\u00e1 Outras Provid\u00eancias\u201d.\r\n\r\n- Projeto de Lei: \u201cDisp\u00f5e Sobre a Autoriza\u00e7\u00e3o para Abertura de Cr\u00e9dito Adicional Suplementar por Excesso de Arrecada\u00e7\u00e3o(Cofinanciamento 2024), com base nos Artigos 42 e 43 da Lei 4.320/64 e Art. 167, inciso V e VI, da Constitui\u00e7\u00e3o Federal e d\u00e1 Outras Provid\u00eancias\u201d.\r\n\r\n\r\n- Projeto de Lei Complementar: \u201cDisp\u00f5e sobre a autoriza\u00e7\u00e3o para estender os incentivos fiscais concedidos para empresa AGR\u00cdCOLA ALVORADA S.A tamb\u00e9m para a sua filial, e d\u00e1 outras provid\u00eancias\u201d.\r\n\r\n\r\n\r\nSendo o que t\u00ednhamos para o momento, renovamos protestos de estima e considera\u00e7\u00e3o.\r\n\r\n\r\nCordialmente,\r\n\r\n\r\n\r\n\r\nF\u00e1bio Marcos Pereira de Faria\r\n                        Prefeito municipal.","indexacao":"","arquivo":"http://sapl.canarana.mt.leg.br/media/sapl/public/documentoacessorio/2024/1251/oficio138_encaminha_projeto_de_lei_em_regime_de_urgencia.pdf","data_ultima_atualizacao":"2024-06-14T12:14:35.611684-03:00","materia":3515,"tipo":7}